{"id":1781,"date":"2025-09-01T01:19:59","date_gmt":"2025-09-01T01:19:59","guid":{"rendered":"https:\/\/cela.com.co\/?p=1781"},"modified":"2025-09-01T01:25:09","modified_gmt":"2025-09-01T01:25:09","slug":"el-poder-de-la-oracion-como-tu-pensamiento-crea-una-conexion-real","status":"publish","type":"post","link":"https:\/\/cela.com.co\/index.php\/2025\/09\/01\/el-poder-de-la-oracion-como-tu-pensamiento-crea-una-conexion-real\/","title":{"rendered":"El Poder de la Oraci\u00f3n: C\u00f3mo tu Pensamiento Crea una Conexi\u00f3n Real"},"content":{"rendered":"\n<p>\u00bfAlguna vez te has preguntado c\u00f3mo funciona realmente la oraci\u00f3n? M\u00e1s all\u00e1 de un simple acto de fe, la doctrina esp\u00edrita nos revela una explicaci\u00f3n fascinante: la oraci\u00f3n es una acci\u00f3n tangible que se basa en la <strong>transmisi\u00f3n del pensamiento<\/strong>. Comprender este mecanismo no materializa la fe, sino que le da una utilidad y un poder que no conoc\u00edamos.<\/p>\n\n\n\n<h3 class=\"wp-block-heading\">El Veh\u00edculo de tu Pensamiento: El Fluido Universal<\/h3>\n\n\n\n<p>Seg\u00fan la doctrina esp\u00edrita, todos estamos inmersos en un <strong>fluido universal<\/strong>, un medio et\u00e9reo que lo impregna todo. Este fluido no es solo un vac\u00edo, es el <strong>veh\u00edculo<\/strong> de nuestro pensamiento. Al igual que el aire transmite el sonido, el fluido universal transporta nuestras ideas y oraciones a trav\u00e9s de la inmensidad del espacio.<\/p>\n\n\n\n<p>Cuando oramos, nuestra <strong>voluntad<\/strong> imprime un impulso en este fluido, creando una <strong>corriente flu\u00eddica<\/strong>. La fuerza de esta corriente es directamente proporcional a la intensidad de nuestro pensamiento y a la sinceridad de nuestra intenci\u00f3n. Es como enviar una onda de radio; cuanto m\u00e1s potente es la se\u00f1al, m\u00e1s lejos llega y m\u00e1s clara es la comunicaci\u00f3n.<\/p>\n\n\n\n<h3 class=\"wp-block-heading\">Una Conexi\u00f3n de Doble V\u00eda: Irradiaci\u00f3n y Vibraci\u00f3n<\/h3>\n\n\n\n<p>La oraci\u00f3n es una <strong>invocaci\u00f3n<\/strong> que establece una conexi\u00f3n con el ser al que nos dirigimos, ya sea Dios, un esp\u00edritu bondadoso o un ser querido. A trav\u00e9s de la <strong>irradiaci\u00f3n<\/strong>, nuestro pensamiento viaja por la corriente flu\u00eddica, alcanzando a ese ser. Esta acci\u00f3n est\u00e1 directamente vinculada a las <strong>vibraciones<\/strong> que emitimos: un pensamiento de amor y pureza irradia vibraciones m\u00e1s elevadas, que se sintonizan con esp\u00edritus de alta evoluci\u00f3n.<\/p>\n\n\n\n<p>Si has visto nuestra infograf\u00eda, puedes visualizar este proceso: la persona que ora, con su voluntad y pensamiento concentrado, emite una corriente flu\u00eddica que se expande a trav\u00e9s del fluido universal. Esta corriente, cargada de la intenci\u00f3n y el sentimiento de la oraci\u00f3n, llega directamente al ser receptor, estableciendo una comunicaci\u00f3n real, incluso a grandes distancias.<\/p>\n\n\n\n<h3 class=\"wp-block-heading\">La Oraci\u00f3n como Fuente de Fortaleza y Gu\u00eda<\/h3>\n\n\n\n<p>La oraci\u00f3n no solo nos permite comunicarnos, sino que tambi\u00e9n nos otorga beneficios tangibles. Al orar, atraemos a los <strong>esp\u00edritus buenos<\/strong>, quienes nos inspiran y nos dan la fuerza moral para superar las dificultades. Nos ayudan a resistir las malas tentaciones y a tomar decisiones sabias, evitando as\u00ed la mayor\u00eda de los males que nosotros mismos generamos.<\/p>\n\n\n\n<p>En \u00faltima instancia, la oraci\u00f3n no es un mero ritual. Es una acci\u00f3n poderosa que nos conecta con el mundo espiritual. Es un acto de humildad, fe y caridad que, a trav\u00e9s de la <strong>voluntad<\/strong> y el <strong>pensamiento<\/strong>, puede transformar nuestra vida, brind\u00e1ndonos gu\u00eda, protecci\u00f3n y la fuerza necesaria para seguir el camino correcto.<br><br><strong>\u00bfTe has sentido inspirado por este concepto? \u00a1Comparte este blog y \u00fanete a la conversaci\u00f3n sobre el poder de la oraci\u00f3n!<\/strong><\/p>\n\n\n<!-- wp:themify-builder\/canvas \/-->","protected":false},"excerpt":{"rendered":"<p>\u00bfTe has detenido a pensar en el maravilloso misterio de la oraci\u00f3n? No es solo un acto de fe, es un puente invisible que conecta nuestros pensamientos con el universo. La doctrina esp\u00edrita nos ofrece una perspectiva encantadora: la oraci\u00f3n es una danza de pensamientos que se transmiten con amor y prop\u00f3sito. Al desvelar este hermoso mecanismo, no solo fortalecemos nuestra fe, sino que tambi\u00e9n descubrimos su magia y el poder transformador que lleva consigo.<\/p>\n","protected":false},"author":1,"featured_media":1782,"comment_status":"open","ping_status":"open","sticky":false,"template":"","format":"standard","meta":{"footnotes":""},"categories":[1,31],"tags":[],"class_list":["post-1781","post","type-post","status-publish","format-standard","has-post-thumbnail","hentry","category-articulos","category-oracion","has-post-title","has-post-date","has-post-category","has-post-tag","has-post-comment","has-post-author",""],"yoast_head":"<!-- This site is optimized with the Yoast SEO plugin v27.0 - https:\/\/yoast.com\/product\/yoast-seo-wordpress\/ -->\n<title>El Poder de la Oraci\u00f3n: C\u00f3mo tu Pensamiento Crea una Conexi\u00f3n Real -<\/title>\n<meta name=\"robots\" content=\"index, follow, max-snippet:-1, max-image-preview:large, max-video-preview:-1\" \/>\n<link rel=\"canonical\" href=\"https:\/\/cela.com.co\/index.php\/2025\/09\/01\/el-poder-de-la-oracion-como-tu-pensamiento-crea-una-conexion-real\/\" \/>\n<meta property=\"og:locale\" content=\"es_ES\" \/>\n<meta property=\"og:type\" content=\"article\" \/>\n<meta property=\"og:title\" content=\"El Poder de la Oraci\u00f3n: C\u00f3mo tu Pensamiento Crea una Conexi\u00f3n Real -\" \/>\n<meta property=\"og:description\" content=\"\u00bfTe has detenido a pensar en el maravilloso misterio de la oraci\u00f3n? No es solo un acto de fe, es un puente invisible que conecta nuestros pensamientos con el universo. La doctrina esp\u00edrita nos ofrece una perspectiva encantadora: la oraci\u00f3n es una danza de pensamientos que se transmiten con amor y prop\u00f3sito. Al desvelar este hermoso mecanismo, no solo fortalecemos nuestra fe, sino que tambi\u00e9n descubrimos su magia y el poder transformador que lleva consigo.\" \/>\n<meta property=\"og:url\" content=\"https:\/\/cela.com.co\/index.php\/2025\/09\/01\/el-poder-de-la-oracion-como-tu-pensamiento-crea-una-conexion-real\/\" \/>\n<meta property=\"article:publisher\" content=\"https:\/\/www.facebook.com\/centroespiritaluzdeamor\" \/>\n<meta property=\"article:published_time\" content=\"2025-09-01T01:19:59+00:00\" \/>\n<meta property=\"article:modified_time\" content=\"2025-09-01T01:25:09+00:00\" \/>\n<meta property=\"og:image\" content=\"https:\/\/cela.com.co\/wp-content\/uploads\/2025\/09\/cela.com_.co_.png\" \/>\n\t<meta property=\"og:image:width\" content=\"1408\" \/>\n\t<meta property=\"og:image:height\" content=\"736\" \/>\n\t<meta property=\"og:image:type\" content=\"image\/png\" \/>\n<meta name=\"author\" content=\"admin\" \/>\n<meta name=\"twitter:card\" content=\"summary_large_image\" \/>\n<meta name=\"twitter:label1\" content=\"Escrito por\" \/>\n\t<meta name=\"twitter:data1\" content=\"admin\" \/>\n\t<meta name=\"twitter:label2\" content=\"Tiempo de lectura\" \/>\n\t<meta name=\"twitter:data2\" content=\"3 minutos\" \/>\n<script type=\"application\/ld+json\" class=\"yoast-schema-graph\">{\"@context\":\"https:\/\/schema.org\",\"@graph\":[{\"@type\":\"Article\",\"@id\":\"https:\/\/cela.com.co\/index.php\/2025\/09\/01\/el-poder-de-la-oracion-como-tu-pensamiento-crea-una-conexion-real\/#article\",\"isPartOf\":{\"@id\":\"https:\/\/cela.com.co\/index.php\/2025\/09\/01\/el-poder-de-la-oracion-como-tu-pensamiento-crea-una-conexion-real\/\"},\"author\":{\"name\":\"admin\",\"@id\":\"https:\/\/cela.com.co\/#\/schema\/person\/1ada407e37701bebfa4130d595e94d22\"},\"headline\":\"El Poder de la Oraci\u00f3n: C\u00f3mo tu Pensamiento Crea una Conexi\u00f3n Real\",\"datePublished\":\"2025-09-01T01:19:59+00:00\",\"dateModified\":\"2025-09-01T01:25:09+00:00\",\"mainEntityOfPage\":{\"@id\":\"https:\/\/cela.com.co\/index.php\/2025\/09\/01\/el-poder-de-la-oracion-como-tu-pensamiento-crea-una-conexion-real\/\"},\"wordCount\":525,\"commentCount\":0,\"publisher\":{\"@id\":\"https:\/\/cela.com.co\/#organization\"},\"image\":{\"@id\":\"https:\/\/cela.com.co\/index.php\/2025\/09\/01\/el-poder-de-la-oracion-como-tu-pensamiento-crea-una-conexion-real\/#primaryimage\"},\"thumbnailUrl\":\"https:\/\/cela.com.co\/wp-content\/uploads\/2025\/09\/cela.com_.co_.png\",\"articleSection\":[\"Art\u00edculos\",\"Oraci\u00f3n\"],\"inLanguage\":\"es\",\"potentialAction\":[{\"@type\":\"CommentAction\",\"name\":\"Comment\",\"target\":[\"https:\/\/cela.com.co\/index.php\/2025\/09\/01\/el-poder-de-la-oracion-como-tu-pensamiento-crea-una-conexion-real\/#respond\"]}]},{\"@type\":\"WebPage\",\"@id\":\"https:\/\/cela.com.co\/index.php\/2025\/09\/01\/el-poder-de-la-oracion-como-tu-pensamiento-crea-una-conexion-real\/\",\"url\":\"https:\/\/cela.com.co\/index.php\/2025\/09\/01\/el-poder-de-la-oracion-como-tu-pensamiento-crea-una-conexion-real\/\",\"name\":\"El Poder de la Oraci\u00f3n: C\u00f3mo tu Pensamiento Crea una Conexi\u00f3n Real -\",\"isPartOf\":{\"@id\":\"https:\/\/cela.com.co\/#website\"},\"primaryImageOfPage\":{\"@id\":\"https:\/\/cela.com.co\/index.php\/2025\/09\/01\/el-poder-de-la-oracion-como-tu-pensamiento-crea-una-conexion-real\/#primaryimage\"},\"image\":{\"@id\":\"https:\/\/cela.com.co\/index.php\/2025\/09\/01\/el-poder-de-la-oracion-como-tu-pensamiento-crea-una-conexion-real\/#primaryimage\"},\"thumbnailUrl\":\"https:\/\/cela.com.co\/wp-content\/uploads\/2025\/09\/cela.com_.co_.png\",\"datePublished\":\"2025-09-01T01:19:59+00:00\",\"dateModified\":\"2025-09-01T01:25:09+00:00\",\"breadcrumb\":{\"@id\":\"https:\/\/cela.com.co\/index.php\/2025\/09\/01\/el-poder-de-la-oracion-como-tu-pensamiento-crea-una-conexion-real\/#breadcrumb\"},\"inLanguage\":\"es\",\"potentialAction\":[{\"@type\":\"ReadAction\",\"target\":[\"https:\/\/cela.com.co\/index.php\/2025\/09\/01\/el-poder-de-la-oracion-como-tu-pensamiento-crea-una-conexion-real\/\"]}]},{\"@type\":\"ImageObject\",\"inLanguage\":\"es\",\"@id\":\"https:\/\/cela.com.co\/index.php\/2025\/09\/01\/el-poder-de-la-oracion-como-tu-pensamiento-crea-una-conexion-real\/#primaryimage\",\"url\":\"https:\/\/cela.com.co\/wp-content\/uploads\/2025\/09\/cela.com_.co_.png\",\"contentUrl\":\"https:\/\/cela.com.co\/wp-content\/uploads\/2025\/09\/cela.com_.co_.png\",\"width\":1408,\"height\":736},{\"@type\":\"BreadcrumbList\",\"@id\":\"https:\/\/cela.com.co\/index.php\/2025\/09\/01\/el-poder-de-la-oracion-como-tu-pensamiento-crea-una-conexion-real\/#breadcrumb\",\"itemListElement\":[{\"@type\":\"ListItem\",\"position\":1,\"name\":\"Portada\",\"item\":\"https:\/\/cela.com.co\/\"},{\"@type\":\"ListItem\",\"position\":2,\"name\":\"El Poder de la Oraci\u00f3n: C\u00f3mo tu Pensamiento Crea una Conexi\u00f3n Real\"}]},{\"@type\":\"WebSite\",\"@id\":\"https:\/\/cela.com.co\/#website\",\"url\":\"https:\/\/cela.com.co\/\",\"name\":\"cela.com.co\",\"description\":\"Centro Esp\u00edrita Luz de Amor - CELA\",\"publisher\":{\"@id\":\"https:\/\/cela.com.co\/#organization\"},\"potentialAction\":[{\"@type\":\"SearchAction\",\"target\":{\"@type\":\"EntryPoint\",\"urlTemplate\":\"https:\/\/cela.com.co\/?s={search_term_string}\"},\"query-input\":{\"@type\":\"PropertyValueSpecification\",\"valueRequired\":true,\"valueName\":\"search_term_string\"}}],\"inLanguage\":\"es\"},{\"@type\":\"Organization\",\"@id\":\"https:\/\/cela.com.co\/#organization\",\"name\":\"Centro Esp\u00edrita Luz de Amor\",\"url\":\"https:\/\/cela.com.co\/\",\"logo\":{\"@type\":\"ImageObject\",\"inLanguage\":\"es\",\"@id\":\"https:\/\/cela.com.co\/#\/schema\/logo\/image\/\",\"url\":\"https:\/\/cela.com.co\/wp-content\/uploads\/2025\/10\/Diseno-sin-titulo.png\",\"contentUrl\":\"https:\/\/cela.com.co\/wp-content\/uploads\/2025\/10\/Diseno-sin-titulo.png\",\"width\":1200,\"height\":1200,\"caption\":\"Centro Esp\u00edrita Luz de Amor\"},\"image\":{\"@id\":\"https:\/\/cela.com.co\/#\/schema\/logo\/image\/\"},\"sameAs\":[\"https:\/\/www.facebook.com\/centroespiritaluzdeamor\",\"https:\/\/www.instagram.com\/centroespiritaluzdeamor\/\",\"https:\/\/www.youtube.com\/channel\/UCVUtvxYz5vNSeJWXt7SMdjw\",\"https:\/\/www.tiktok.com\/@centroespiritaluzdeamor?is_from_webapp=1&sender_device=pc\"]},{\"@type\":\"Person\",\"@id\":\"https:\/\/cela.com.co\/#\/schema\/person\/1ada407e37701bebfa4130d595e94d22\",\"name\":\"admin\",\"image\":{\"@type\":\"ImageObject\",\"inLanguage\":\"es\",\"@id\":\"https:\/\/cela.com.co\/#\/schema\/person\/image\/\",\"url\":\"https:\/\/secure.gravatar.com\/avatar\/9b8ac9c7e5c4c9ab97e8586e45376cd78e8f3452931f9aa388eeedf7a337440d?s=96&d=mm&r=g\",\"contentUrl\":\"https:\/\/secure.gravatar.com\/avatar\/9b8ac9c7e5c4c9ab97e8586e45376cd78e8f3452931f9aa388eeedf7a337440d?s=96&d=mm&r=g\",\"caption\":\"admin\"},\"sameAs\":[\"https:\/\/cela.com.co\"],\"url\":\"https:\/\/cela.com.co\/index.php\/author\/leonardo\/\"}]}<\/script>\n<!-- \/ Yoast SEO plugin. -->","yoast_head_json":{"title":"El Poder de la Oraci\u00f3n: C\u00f3mo tu Pensamiento Crea una Conexi\u00f3n Real -","robots":{"index":"index","follow":"follow","max-snippet":"max-snippet:-1","max-image-preview":"max-image-preview:large","max-video-preview":"max-video-preview:-1"},"canonical":"https:\/\/cela.com.co\/index.php\/2025\/09\/01\/el-poder-de-la-oracion-como-tu-pensamiento-crea-una-conexion-real\/","og_locale":"es_ES","og_type":"article","og_title":"El Poder de la Oraci\u00f3n: C\u00f3mo tu Pensamiento Crea una Conexi\u00f3n Real -","og_description":"\u00bfTe has detenido a pensar en el maravilloso misterio de la oraci\u00f3n? No es solo un acto de fe, es un puente invisible que conecta nuestros pensamientos con el universo. La doctrina esp\u00edrita nos ofrece una perspectiva encantadora: la oraci\u00f3n es una danza de pensamientos que se transmiten con amor y prop\u00f3sito. Al desvelar este hermoso mecanismo, no solo fortalecemos nuestra fe, sino que tambi\u00e9n descubrimos su magia y el poder transformador que lleva consigo.","og_url":"https:\/\/cela.com.co\/index.php\/2025\/09\/01\/el-poder-de-la-oracion-como-tu-pensamiento-crea-una-conexion-real\/","article_publisher":"https:\/\/www.facebook.com\/centroespiritaluzdeamor","article_published_time":"2025-09-01T01:19:59+00:00","article_modified_time":"2025-09-01T01:25:09+00:00","og_image":[{"width":1408,"height":736,"url":"https:\/\/cela.com.co\/wp-content\/uploads\/2025\/09\/cela.com_.co_.png","type":"image\/png"}],"author":"admin","twitter_card":"summary_large_image","twitter_misc":{"Escrito por":"admin","Tiempo de lectura":"3 minutos"},"schema":{"@context":"https:\/\/schema.org","@graph":[{"@type":"Article","@id":"https:\/\/cela.com.co\/index.php\/2025\/09\/01\/el-poder-de-la-oracion-como-tu-pensamiento-crea-una-conexion-real\/#article","isPartOf":{"@id":"https:\/\/cela.com.co\/index.php\/2025\/09\/01\/el-poder-de-la-oracion-como-tu-pensamiento-crea-una-conexion-real\/"},"author":{"name":"admin","@id":"https:\/\/cela.com.co\/#\/schema\/person\/1ada407e37701bebfa4130d595e94d22"},"headline":"El Poder de la Oraci\u00f3n: C\u00f3mo tu Pensamiento Crea una Conexi\u00f3n Real","datePublished":"2025-09-01T01:19:59+00:00","dateModified":"2025-09-01T01:25:09+00:00","mainEntityOfPage":{"@id":"https:\/\/cela.com.co\/index.php\/2025\/09\/01\/el-poder-de-la-oracion-como-tu-pensamiento-crea-una-conexion-real\/"},"wordCount":525,"commentCount":0,"publisher":{"@id":"https:\/\/cela.com.co\/#organization"},"image":{"@id":"https:\/\/cela.com.co\/index.php\/2025\/09\/01\/el-poder-de-la-oracion-como-tu-pensamiento-crea-una-conexion-real\/#primaryimage"},"thumbnailUrl":"https:\/\/cela.com.co\/wp-content\/uploads\/2025\/09\/cela.com_.co_.png","articleSection":["Art\u00edculos","Oraci\u00f3n"],"inLanguage":"es","potentialAction":[{"@type":"CommentAction","name":"Comment","target":["https:\/\/cela.com.co\/index.php\/2025\/09\/01\/el-poder-de-la-oracion-como-tu-pensamiento-crea-una-conexion-real\/#respond"]}]},{"@type":"WebPage","@id":"https:\/\/cela.com.co\/index.php\/2025\/09\/01\/el-poder-de-la-oracion-como-tu-pensamiento-crea-una-conexion-real\/","url":"https:\/\/cela.com.co\/index.php\/2025\/09\/01\/el-poder-de-la-oracion-como-tu-pensamiento-crea-una-conexion-real\/","name":"El Poder de la Oraci\u00f3n: C\u00f3mo tu Pensamiento Crea una Conexi\u00f3n Real -","isPartOf":{"@id":"https:\/\/cela.com.co\/#website"},"primaryImageOfPage":{"@id":"https:\/\/cela.com.co\/index.php\/2025\/09\/01\/el-poder-de-la-oracion-como-tu-pensamiento-crea-una-conexion-real\/#primaryimage"},"image":{"@id":"https:\/\/cela.com.co\/index.php\/2025\/09\/01\/el-poder-de-la-oracion-como-tu-pensamiento-crea-una-conexion-real\/#primaryimage"},"thumbnailUrl":"https:\/\/cela.com.co\/wp-content\/uploads\/2025\/09\/cela.com_.co_.png","datePublished":"2025-09-01T01:19:59+00:00","dateModified":"2025-09-01T01:25:09+00:00","breadcrumb":{"@id":"https:\/\/cela.com.co\/index.php\/2025\/09\/01\/el-poder-de-la-oracion-como-tu-pensamiento-crea-una-conexion-real\/#breadcrumb"},"inLanguage":"es","potentialAction":[{"@type":"ReadAction","target":["https:\/\/cela.com.co\/index.php\/2025\/09\/01\/el-poder-de-la-oracion-como-tu-pensamiento-crea-una-conexion-real\/"]}]},{"@type":"ImageObject","inLanguage":"es","@id":"https:\/\/cela.com.co\/index.php\/2025\/09\/01\/el-poder-de-la-oracion-como-tu-pensamiento-crea-una-conexion-real\/#primaryimage","url":"https:\/\/cela.com.co\/wp-content\/uploads\/2025\/09\/cela.com_.co_.png","contentUrl":"https:\/\/cela.com.co\/wp-content\/uploads\/2025\/09\/cela.com_.co_.png","width":1408,"height":736},{"@type":"BreadcrumbList","@id":"https:\/\/cela.com.co\/index.php\/2025\/09\/01\/el-poder-de-la-oracion-como-tu-pensamiento-crea-una-conexion-real\/#breadcrumb","itemListElement":[{"@type":"ListItem","position":1,"name":"Portada","item":"https:\/\/cela.com.co\/"},{"@type":"ListItem","position":2,"name":"El Poder de la Oraci\u00f3n: C\u00f3mo tu Pensamiento Crea una Conexi\u00f3n Real"}]},{"@type":"WebSite","@id":"https:\/\/cela.com.co\/#website","url":"https:\/\/cela.com.co\/","name":"cela.com.co","description":"Centro Esp\u00edrita Luz de Amor - CELA","publisher":{"@id":"https:\/\/cela.com.co\/#organization"},"potentialAction":[{"@type":"SearchAction","target":{"@type":"EntryPoint","urlTemplate":"https:\/\/cela.com.co\/?s={search_term_string}"},"query-input":{"@type":"PropertyValueSpecification","valueRequired":true,"valueName":"search_term_string"}}],"inLanguage":"es"},{"@type":"Organization","@id":"https:\/\/cela.com.co\/#organization","name":"Centro Esp\u00edrita Luz de Amor","url":"https:\/\/cela.com.co\/","logo":{"@type":"ImageObject","inLanguage":"es","@id":"https:\/\/cela.com.co\/#\/schema\/logo\/image\/","url":"https:\/\/cela.com.co\/wp-content\/uploads\/2025\/10\/Diseno-sin-titulo.png","contentUrl":"https:\/\/cela.com.co\/wp-content\/uploads\/2025\/10\/Diseno-sin-titulo.png","width":1200,"height":1200,"caption":"Centro Esp\u00edrita Luz de Amor"},"image":{"@id":"https:\/\/cela.com.co\/#\/schema\/logo\/image\/"},"sameAs":["https:\/\/www.facebook.com\/centroespiritaluzdeamor","https:\/\/www.instagram.com\/centroespiritaluzdeamor\/","https:\/\/www.youtube.com\/channel\/UCVUtvxYz5vNSeJWXt7SMdjw","https:\/\/www.tiktok.com\/@centroespiritaluzdeamor?is_from_webapp=1&sender_device=pc"]},{"@type":"Person","@id":"https:\/\/cela.com.co\/#\/schema\/person\/1ada407e37701bebfa4130d595e94d22","name":"admin","image":{"@type":"ImageObject","inLanguage":"es","@id":"https:\/\/cela.com.co\/#\/schema\/person\/image\/","url":"https:\/\/secure.gravatar.com\/avatar\/9b8ac9c7e5c4c9ab97e8586e45376cd78e8f3452931f9aa388eeedf7a337440d?s=96&d=mm&r=g","contentUrl":"https:\/\/secure.gravatar.com\/avatar\/9b8ac9c7e5c4c9ab97e8586e45376cd78e8f3452931f9aa388eeedf7a337440d?s=96&d=mm&r=g","caption":"admin"},"sameAs":["https:\/\/cela.com.co"],"url":"https:\/\/cela.com.co\/index.php\/author\/leonardo\/"}]}},"builder_content":"","_links":{"self":[{"href":"https:\/\/cela.com.co\/index.php\/wp-json\/wp\/v2\/posts\/1781","targetHints":{"allow":["GET"]}}],"collection":[{"href":"https:\/\/cela.com.co\/index.php\/wp-json\/wp\/v2\/posts"}],"about":[{"href":"https:\/\/cela.com.co\/index.php\/wp-json\/wp\/v2\/types\/post"}],"author":[{"embeddable":true,"href":"https:\/\/cela.com.co\/index.php\/wp-json\/wp\/v2\/users\/1"}],"replies":[{"embeddable":true,"href":"https:\/\/cela.com.co\/index.php\/wp-json\/wp\/v2\/comments?post=1781"}],"version-history":[{"count":3,"href":"https:\/\/cela.com.co\/index.php\/wp-json\/wp\/v2\/posts\/1781\/revisions"}],"predecessor-version":[{"id":1785,"href":"https:\/\/cela.com.co\/index.php\/wp-json\/wp\/v2\/posts\/1781\/revisions\/1785"}],"wp:featuredmedia":[{"embeddable":true,"href":"https:\/\/cela.com.co\/index.php\/wp-json\/wp\/v2\/media\/1782"}],"wp:attachment":[{"href":"https:\/\/cela.com.co\/index.php\/wp-json\/wp\/v2\/media?parent=1781"}],"wp:term":[{"taxonomy":"category","embeddable":true,"href":"https:\/\/cela.com.co\/index.php\/wp-json\/wp\/v2\/categories?post=1781"},{"taxonomy":"post_tag","embeddable":true,"href":"https:\/\/cela.com.co\/index.php\/wp-json\/wp\/v2\/tags?post=1781"}],"curies":[{"name":"wp","href":"https:\/\/api.w.org\/{rel}","templated":true}]}}