{"id":1495,"date":"2025-08-10T02:01:54","date_gmt":"2025-08-10T02:01:54","guid":{"rendered":"https:\/\/cela.com.co\/?p=1495"},"modified":"2025-08-10T16:02:11","modified_gmt":"2025-08-10T16:02:11","slug":"20-congreso-espirita","status":"publish","type":"post","link":"https:\/\/cela.com.co\/index.php\/2025\/08\/10\/20-congreso-espirita\/","title":{"rendered":"20 Congreso Esp\u00edrita Colombiano"},"content":{"rendered":"<!--themify_builder_content-->\n<div id=\"themify_builder_content-1495\" data-postid=\"1495\" class=\"themify_builder_content themify_builder_content-1495 themify_builder tf_clear\">\n                    <div  data-lazy=\"1\" class=\"module_row themify_builder_row tb_pbdu547 tb_first tf_w\">\n                        <div class=\"row_inner col_align_top tb_col_count_1 tf_box tf_rel\">\n                        <div  data-lazy=\"1\" class=\"module_column tb-column col-full tb_chvl547 first\">\n                    <!-- module image -->\n<div  class=\"module module-image tb_auy590 image-top   tf_mw\" data-lazy=\"1\">\n        <div class=\"image-wrap tf_rel tf_mw\">\n            <img loading=\"lazy\" decoding=\"async\" width=\"1080\" height=\"1350\" src=\"https:\/\/cela.com.co\/wp-content\/uploads\/2025\/08\/WhatsApp-Image-2025-02-24-at-12.11.45-PM1-1.jpeg\" class=\"wp-post-image wp-image-1490\" title=\"WhatsApp-Image-2025-02-24-at-12.11.45-PM1\" alt=\"WhatsApp-Image-2025-02-24-at-12.11.45-PM1\" srcset=\"https:\/\/cela.com.co\/wp-content\/uploads\/2025\/08\/WhatsApp-Image-2025-02-24-at-12.11.45-PM1-1.jpeg 1080w, https:\/\/cela.com.co\/wp-content\/uploads\/2025\/08\/WhatsApp-Image-2025-02-24-at-12.11.45-PM1-1-240x300.jpeg 240w, https:\/\/cela.com.co\/wp-content\/uploads\/2025\/08\/WhatsApp-Image-2025-02-24-at-12.11.45-PM1-1-819x1024.jpeg 819w, https:\/\/cela.com.co\/wp-content\/uploads\/2025\/08\/WhatsApp-Image-2025-02-24-at-12.11.45-PM1-1-768x960.jpeg 768w\" sizes=\"auto, (max-width: 1080px) 100vw, 1080px\" \/>    \n        <\/div>\n    <!-- \/image-wrap -->\n    \n        <\/div>\n<!-- \/module image -->        <\/div>\n                        <\/div>\n        <\/div>\n                        <div  data-lazy=\"1\" class=\"module_row themify_builder_row tb_m3iq833 tf_w\">\n                        <div class=\"row_inner col_align_top tb_col_count_1 tf_box tf_rel\">\n                        <div  data-lazy=\"1\" class=\"module_column tb-column col-full tb_ptga833 first\">\n                    <!-- module text -->\n<div  class=\"module module-text tb_yyn3354   \" data-lazy=\"1\">\n        <div  class=\"tb_text_wrap\">\n        <p>\u00a0<\/p>\n<p>\u00a0<\/p>\n<p>En la actualidad, la humanidad atraviesa por momentos dif\u00edciles en los que a\u00fan predominan el ego\u00edsmo, la intolerancia, la violencia, entre muchos otros males que la afectan. Sin embargo, la Doctrina Esp\u00edrita presenta una visi\u00f3n esclarecedora, consoladora y esperanzadora ante todos estos problemas.<\/p>\n<p>Los d\u00edas\u00a0<strong>11, 12 y 13 de octubre de 2025<\/strong>\u00a0se llevar\u00e1 a cabo el XX Congreso Esp\u00edrita Colombiano.<\/p>\n<p>Ser\u00e1 un honor contar con la presencia de los asistentes en la ciudad de Bogot\u00e1. Auspiciado por la\u00a0<strong>Confederaci\u00f3n Esp\u00edrita Colombiana (CONFECOL)<\/strong>\u00a0y organizado por la\u00a0<strong>Federaci\u00f3n Espiritista de Cundinamarca (FEC)<\/strong>, este evento contar\u00e1 con la participaci\u00f3n de destacados conferencistas nacionales e internacionales, quienes compartir\u00e1n su conocimiento y experiencia en torno al tema central: \u201cUna nueva era para la humanidad\u201d.<\/p>\n<p>Durante el XX Congreso Esp\u00edrita Colombiano, se abordar\u00e1 el tema \u201cVida m\u00e1s all\u00e1 de la vida\u201d, en el que, a trav\u00e9s de conferencias y talleres, se profundizar\u00e1 en la comprensi\u00f3n de esta realidad que conecta a los seres humanos con la vida verdadera e inmortal. La Doctrina Esp\u00edrita, como ciencia filos\u00f3fica, ser\u00e1 la herramienta para educar e iluminar las almas y, as\u00ed, construir un futuro mejor.<\/p>\n<p>El evento contar\u00e1 con la presencia de\u00a0<strong>Leonardo Machado<\/strong>, quien compartir\u00e1 su conocimiento y experiencia. Adicionalmente, se ofrecer\u00e1 un taller titulado: \u201cSexo y sexualidad desde la \u00f3ptica Esp\u00edrita: Explorando la sexualidad desde la perspectiva espiritual\u201d.<\/p>    <\/div>\n<\/div>\n<!-- \/module text -->        <\/div>\n                        <\/div>\n        <\/div>\n        <\/div>\n<!--\/themify_builder_content-->","protected":false},"excerpt":{"rendered":"<p>\u00a0 \u00a0 En la actualidad, la humanidad atraviesa por momentos dif\u00edciles en los que a\u00fan predominan el ego\u00edsmo, la intolerancia, la violencia, entre muchos otros males que la afectan. Sin [&hellip;]<\/p>\n","protected":false},"author":1,"featured_media":1591,"comment_status":"open","ping_status":"open","sticky":true,"template":"","format":"standard","meta":{"footnotes":""},"categories":[29],"tags":[30],"class_list":["post-1495","post","type-post","status-publish","format-standard","has-post-thumbnail","hentry","category-congresos","tag-congresoespirita","has-post-title","has-post-date","has-post-category","has-post-tag","has-post-comment","has-post-author",""],"yoast_head":"<!-- This site is optimized with the Yoast SEO plugin v27.0 - https:\/\/yoast.com\/product\/yoast-seo-wordpress\/ -->\n<title>20 Congreso Esp\u00edrita Colombiano -<\/title>\n<meta name=\"robots\" content=\"index, follow, max-snippet:-1, max-image-preview:large, max-video-preview:-1\" \/>\n<link rel=\"canonical\" href=\"https:\/\/cela.com.co\/index.php\/2025\/08\/10\/20-congreso-espirita\/\" \/>\n<meta property=\"og:locale\" content=\"es_ES\" \/>\n<meta property=\"og:type\" content=\"article\" \/>\n<meta property=\"og:title\" content=\"20 Congreso Esp\u00edrita Colombiano -\" \/>\n<meta property=\"og:description\" content=\"\u00a0 \u00a0 En la actualidad, la humanidad atraviesa por momentos dif\u00edciles en los que a\u00fan predominan el ego\u00edsmo, la intolerancia, la violencia, entre muchos otros males que la afectan. Sin [&hellip;]\" \/>\n<meta property=\"og:url\" content=\"https:\/\/cela.com.co\/index.php\/2025\/08\/10\/20-congreso-espirita\/\" \/>\n<meta property=\"article:publisher\" content=\"https:\/\/www.facebook.com\/centroespiritaluzdeamor\" \/>\n<meta property=\"article:published_time\" content=\"2025-08-10T02:01:54+00:00\" \/>\n<meta property=\"article:modified_time\" content=\"2025-08-10T16:02:11+00:00\" \/>\n<meta property=\"og:image\" content=\"https:\/\/cela.com.co\/wp-content\/uploads\/2025\/08\/Diseno-sin-titulo-1024x576.png\" \/>\n\t<meta property=\"og:image:width\" content=\"1024\" \/>\n\t<meta property=\"og:image:height\" content=\"576\" \/>\n\t<meta property=\"og:image:type\" content=\"image\/png\" \/>\n<meta name=\"author\" content=\"admin\" \/>\n<meta name=\"twitter:card\" content=\"summary_large_image\" \/>\n<meta name=\"twitter:label1\" content=\"Escrito por\" \/>\n\t<meta name=\"twitter:data1\" content=\"admin\" \/>\n\t<meta name=\"twitter:label2\" content=\"Tiempo de lectura\" \/>\n\t<meta name=\"twitter:data2\" content=\"1 minuto\" \/>\n<script type=\"application\/ld+json\" class=\"yoast-schema-graph\">{\"@context\":\"https:\/\/schema.org\",\"@graph\":[{\"@type\":\"Article\",\"@id\":\"https:\/\/cela.com.co\/index.php\/2025\/08\/10\/20-congreso-espirita\/#article\",\"isPartOf\":{\"@id\":\"https:\/\/cela.com.co\/index.php\/2025\/08\/10\/20-congreso-espirita\/\"},\"author\":{\"name\":\"admin\",\"@id\":\"https:\/\/cela.com.co\/#\/schema\/person\/1ada407e37701bebfa4130d595e94d22\"},\"headline\":\"20 Congreso Esp\u00edrita Colombiano\",\"datePublished\":\"2025-08-10T02:01:54+00:00\",\"dateModified\":\"2025-08-10T16:02:11+00:00\",\"mainEntityOfPage\":{\"@id\":\"https:\/\/cela.com.co\/index.php\/2025\/08\/10\/20-congreso-espirita\/\"},\"wordCount\":242,\"commentCount\":0,\"publisher\":{\"@id\":\"https:\/\/cela.com.co\/#organization\"},\"image\":{\"@id\":\"https:\/\/cela.com.co\/index.php\/2025\/08\/10\/20-congreso-espirita\/#primaryimage\"},\"thumbnailUrl\":\"https:\/\/cela.com.co\/wp-content\/uploads\/2025\/08\/Diseno-sin-titulo.png\",\"keywords\":[\"Congresoesp\u00edrita\"],\"articleSection\":[\"Congresos\"],\"inLanguage\":\"es\",\"potentialAction\":[{\"@type\":\"CommentAction\",\"name\":\"Comment\",\"target\":[\"https:\/\/cela.com.co\/index.php\/2025\/08\/10\/20-congreso-espirita\/#respond\"]}]},{\"@type\":\"WebPage\",\"@id\":\"https:\/\/cela.com.co\/index.php\/2025\/08\/10\/20-congreso-espirita\/\",\"url\":\"https:\/\/cela.com.co\/index.php\/2025\/08\/10\/20-congreso-espirita\/\",\"name\":\"20 Congreso Esp\u00edrita Colombiano -\",\"isPartOf\":{\"@id\":\"https:\/\/cela.com.co\/#website\"},\"primaryImageOfPage\":{\"@id\":\"https:\/\/cela.com.co\/index.php\/2025\/08\/10\/20-congreso-espirita\/#primaryimage\"},\"image\":{\"@id\":\"https:\/\/cela.com.co\/index.php\/2025\/08\/10\/20-congreso-espirita\/#primaryimage\"},\"thumbnailUrl\":\"https:\/\/cela.com.co\/wp-content\/uploads\/2025\/08\/Diseno-sin-titulo.png\",\"datePublished\":\"2025-08-10T02:01:54+00:00\",\"dateModified\":\"2025-08-10T16:02:11+00:00\",\"breadcrumb\":{\"@id\":\"https:\/\/cela.com.co\/index.php\/2025\/08\/10\/20-congreso-espirita\/#breadcrumb\"},\"inLanguage\":\"es\",\"potentialAction\":[{\"@type\":\"ReadAction\",\"target\":[\"https:\/\/cela.com.co\/index.php\/2025\/08\/10\/20-congreso-espirita\/\"]}]},{\"@type\":\"ImageObject\",\"inLanguage\":\"es\",\"@id\":\"https:\/\/cela.com.co\/index.php\/2025\/08\/10\/20-congreso-espirita\/#primaryimage\",\"url\":\"https:\/\/cela.com.co\/wp-content\/uploads\/2025\/08\/Diseno-sin-titulo.png\",\"contentUrl\":\"https:\/\/cela.com.co\/wp-content\/uploads\/2025\/08\/Diseno-sin-titulo.png\",\"width\":2560,\"height\":1440},{\"@type\":\"BreadcrumbList\",\"@id\":\"https:\/\/cela.com.co\/index.php\/2025\/08\/10\/20-congreso-espirita\/#breadcrumb\",\"itemListElement\":[{\"@type\":\"ListItem\",\"position\":1,\"name\":\"Portada\",\"item\":\"https:\/\/cela.com.co\/\"},{\"@type\":\"ListItem\",\"position\":2,\"name\":\"20 Congreso Esp\u00edrita Colombiano\"}]},{\"@type\":\"WebSite\",\"@id\":\"https:\/\/cela.com.co\/#website\",\"url\":\"https:\/\/cela.com.co\/\",\"name\":\"cela.com.co\",\"description\":\"Centro Esp\u00edrita Luz de Amor - CELA\",\"publisher\":{\"@id\":\"https:\/\/cela.com.co\/#organization\"},\"potentialAction\":[{\"@type\":\"SearchAction\",\"target\":{\"@type\":\"EntryPoint\",\"urlTemplate\":\"https:\/\/cela.com.co\/?s={search_term_string}\"},\"query-input\":{\"@type\":\"PropertyValueSpecification\",\"valueRequired\":true,\"valueName\":\"search_term_string\"}}],\"inLanguage\":\"es\"},{\"@type\":\"Organization\",\"@id\":\"https:\/\/cela.com.co\/#organization\",\"name\":\"Centro Esp\u00edrita Luz de Amor\",\"url\":\"https:\/\/cela.com.co\/\",\"logo\":{\"@type\":\"ImageObject\",\"inLanguage\":\"es\",\"@id\":\"https:\/\/cela.com.co\/#\/schema\/logo\/image\/\",\"url\":\"https:\/\/cela.com.co\/wp-content\/uploads\/2025\/10\/Diseno-sin-titulo.png\",\"contentUrl\":\"https:\/\/cela.com.co\/wp-content\/uploads\/2025\/10\/Diseno-sin-titulo.png\",\"width\":1200,\"height\":1200,\"caption\":\"Centro Esp\u00edrita Luz de Amor\"},\"image\":{\"@id\":\"https:\/\/cela.com.co\/#\/schema\/logo\/image\/\"},\"sameAs\":[\"https:\/\/www.facebook.com\/centroespiritaluzdeamor\",\"https:\/\/www.instagram.com\/centroespiritaluzdeamor\/\",\"https:\/\/www.youtube.com\/channel\/UCVUtvxYz5vNSeJWXt7SMdjw\",\"https:\/\/www.tiktok.com\/@centroespiritaluzdeamor?is_from_webapp=1&sender_device=pc\"]},{\"@type\":\"Person\",\"@id\":\"https:\/\/cela.com.co\/#\/schema\/person\/1ada407e37701bebfa4130d595e94d22\",\"name\":\"admin\",\"image\":{\"@type\":\"ImageObject\",\"inLanguage\":\"es\",\"@id\":\"https:\/\/cela.com.co\/#\/schema\/person\/image\/\",\"url\":\"https:\/\/secure.gravatar.com\/avatar\/9b8ac9c7e5c4c9ab97e8586e45376cd78e8f3452931f9aa388eeedf7a337440d?s=96&d=mm&r=g\",\"contentUrl\":\"https:\/\/secure.gravatar.com\/avatar\/9b8ac9c7e5c4c9ab97e8586e45376cd78e8f3452931f9aa388eeedf7a337440d?s=96&d=mm&r=g\",\"caption\":\"admin\"},\"sameAs\":[\"https:\/\/cela.com.co\"],\"url\":\"https:\/\/cela.com.co\/index.php\/author\/leonardo\/\"}]}<\/script>\n<!-- \/ Yoast SEO plugin. -->","yoast_head_json":{"title":"20 Congreso Esp\u00edrita Colombiano -","robots":{"index":"index","follow":"follow","max-snippet":"max-snippet:-1","max-image-preview":"max-image-preview:large","max-video-preview":"max-video-preview:-1"},"canonical":"https:\/\/cela.com.co\/index.php\/2025\/08\/10\/20-congreso-espirita\/","og_locale":"es_ES","og_type":"article","og_title":"20 Congreso Esp\u00edrita Colombiano -","og_description":"\u00a0 \u00a0 En la actualidad, la humanidad atraviesa por momentos dif\u00edciles en los que a\u00fan predominan el ego\u00edsmo, la intolerancia, la violencia, entre muchos otros males que la afectan. Sin [&hellip;]","og_url":"https:\/\/cela.com.co\/index.php\/2025\/08\/10\/20-congreso-espirita\/","article_publisher":"https:\/\/www.facebook.com\/centroespiritaluzdeamor","article_published_time":"2025-08-10T02:01:54+00:00","article_modified_time":"2025-08-10T16:02:11+00:00","og_image":[{"width":1024,"height":576,"url":"https:\/\/cela.com.co\/wp-content\/uploads\/2025\/08\/Diseno-sin-titulo-1024x576.png","type":"image\/png"}],"author":"admin","twitter_card":"summary_large_image","twitter_misc":{"Escrito por":"admin","Tiempo de lectura":"1 minuto"},"schema":{"@context":"https:\/\/schema.org","@graph":[{"@type":"Article","@id":"https:\/\/cela.com.co\/index.php\/2025\/08\/10\/20-congreso-espirita\/#article","isPartOf":{"@id":"https:\/\/cela.com.co\/index.php\/2025\/08\/10\/20-congreso-espirita\/"},"author":{"name":"admin","@id":"https:\/\/cela.com.co\/#\/schema\/person\/1ada407e37701bebfa4130d595e94d22"},"headline":"20 Congreso Esp\u00edrita Colombiano","datePublished":"2025-08-10T02:01:54+00:00","dateModified":"2025-08-10T16:02:11+00:00","mainEntityOfPage":{"@id":"https:\/\/cela.com.co\/index.php\/2025\/08\/10\/20-congreso-espirita\/"},"wordCount":242,"commentCount":0,"publisher":{"@id":"https:\/\/cela.com.co\/#organization"},"image":{"@id":"https:\/\/cela.com.co\/index.php\/2025\/08\/10\/20-congreso-espirita\/#primaryimage"},"thumbnailUrl":"https:\/\/cela.com.co\/wp-content\/uploads\/2025\/08\/Diseno-sin-titulo.png","keywords":["Congresoesp\u00edrita"],"articleSection":["Congresos"],"inLanguage":"es","potentialAction":[{"@type":"CommentAction","name":"Comment","target":["https:\/\/cela.com.co\/index.php\/2025\/08\/10\/20-congreso-espirita\/#respond"]}]},{"@type":"WebPage","@id":"https:\/\/cela.com.co\/index.php\/2025\/08\/10\/20-congreso-espirita\/","url":"https:\/\/cela.com.co\/index.php\/2025\/08\/10\/20-congreso-espirita\/","name":"20 Congreso Esp\u00edrita Colombiano -","isPartOf":{"@id":"https:\/\/cela.com.co\/#website"},"primaryImageOfPage":{"@id":"https:\/\/cela.com.co\/index.php\/2025\/08\/10\/20-congreso-espirita\/#primaryimage"},"image":{"@id":"https:\/\/cela.com.co\/index.php\/2025\/08\/10\/20-congreso-espirita\/#primaryimage"},"thumbnailUrl":"https:\/\/cela.com.co\/wp-content\/uploads\/2025\/08\/Diseno-sin-titulo.png","datePublished":"2025-08-10T02:01:54+00:00","dateModified":"2025-08-10T16:02:11+00:00","breadcrumb":{"@id":"https:\/\/cela.com.co\/index.php\/2025\/08\/10\/20-congreso-espirita\/#breadcrumb"},"inLanguage":"es","potentialAction":[{"@type":"ReadAction","target":["https:\/\/cela.com.co\/index.php\/2025\/08\/10\/20-congreso-espirita\/"]}]},{"@type":"ImageObject","inLanguage":"es","@id":"https:\/\/cela.com.co\/index.php\/2025\/08\/10\/20-congreso-espirita\/#primaryimage","url":"https:\/\/cela.com.co\/wp-content\/uploads\/2025\/08\/Diseno-sin-titulo.png","contentUrl":"https:\/\/cela.com.co\/wp-content\/uploads\/2025\/08\/Diseno-sin-titulo.png","width":2560,"height":1440},{"@type":"BreadcrumbList","@id":"https:\/\/cela.com.co\/index.php\/2025\/08\/10\/20-congreso-espirita\/#breadcrumb","itemListElement":[{"@type":"ListItem","position":1,"name":"Portada","item":"https:\/\/cela.com.co\/"},{"@type":"ListItem","position":2,"name":"20 Congreso Esp\u00edrita Colombiano"}]},{"@type":"WebSite","@id":"https:\/\/cela.com.co\/#website","url":"https:\/\/cela.com.co\/","name":"cela.com.co","description":"Centro Esp\u00edrita Luz de Amor - CELA","publisher":{"@id":"https:\/\/cela.com.co\/#organization"},"potentialAction":[{"@type":"SearchAction","target":{"@type":"EntryPoint","urlTemplate":"https:\/\/cela.com.co\/?s={search_term_string}"},"query-input":{"@type":"PropertyValueSpecification","valueRequired":true,"valueName":"search_term_string"}}],"inLanguage":"es"},{"@type":"Organization","@id":"https:\/\/cela.com.co\/#organization","name":"Centro Esp\u00edrita Luz de Amor","url":"https:\/\/cela.com.co\/","logo":{"@type":"ImageObject","inLanguage":"es","@id":"https:\/\/cela.com.co\/#\/schema\/logo\/image\/","url":"https:\/\/cela.com.co\/wp-content\/uploads\/2025\/10\/Diseno-sin-titulo.png","contentUrl":"https:\/\/cela.com.co\/wp-content\/uploads\/2025\/10\/Diseno-sin-titulo.png","width":1200,"height":1200,"caption":"Centro Esp\u00edrita Luz de Amor"},"image":{"@id":"https:\/\/cela.com.co\/#\/schema\/logo\/image\/"},"sameAs":["https:\/\/www.facebook.com\/centroespiritaluzdeamor","https:\/\/www.instagram.com\/centroespiritaluzdeamor\/","https:\/\/www.youtube.com\/channel\/UCVUtvxYz5vNSeJWXt7SMdjw","https:\/\/www.tiktok.com\/@centroespiritaluzdeamor?is_from_webapp=1&sender_device=pc"]},{"@type":"Person","@id":"https:\/\/cela.com.co\/#\/schema\/person\/1ada407e37701bebfa4130d595e94d22","name":"admin","image":{"@type":"ImageObject","inLanguage":"es","@id":"https:\/\/cela.com.co\/#\/schema\/person\/image\/","url":"https:\/\/secure.gravatar.com\/avatar\/9b8ac9c7e5c4c9ab97e8586e45376cd78e8f3452931f9aa388eeedf7a337440d?s=96&d=mm&r=g","contentUrl":"https:\/\/secure.gravatar.com\/avatar\/9b8ac9c7e5c4c9ab97e8586e45376cd78e8f3452931f9aa388eeedf7a337440d?s=96&d=mm&r=g","caption":"admin"},"sameAs":["https:\/\/cela.com.co"],"url":"https:\/\/cela.com.co\/index.php\/author\/leonardo\/"}]}},"builder_content":"<img src=\"https:\/\/cela.com.co\/wp-content\/uploads\/2025\/08\/WhatsApp-Image-2025-02-24-at-12.11.45-PM1-1.jpeg\" title=\"WhatsApp-Image-2025-02-24-at-12.11.45-PM1\" alt=\"WhatsApp-Image-2025-02-24-at-12.11.45-PM1\" srcset=\"https:\/\/cela.com.co\/wp-content\/uploads\/2025\/08\/WhatsApp-Image-2025-02-24-at-12.11.45-PM1-1.jpeg 1080w, https:\/\/cela.com.co\/wp-content\/uploads\/2025\/08\/WhatsApp-Image-2025-02-24-at-12.11.45-PM1-1-240x300.jpeg 240w, https:\/\/cela.com.co\/wp-content\/uploads\/2025\/08\/WhatsApp-Image-2025-02-24-at-12.11.45-PM1-1-819x1024.jpeg 819w, https:\/\/cela.com.co\/wp-content\/uploads\/2025\/08\/WhatsApp-Image-2025-02-24-at-12.11.45-PM1-1-768x960.jpeg 768w\" sizes=\"(max-width: 1080px) 100vw, 1080px\" \/>\n<p>\u00a0<\/p> <p>\u00a0<\/p> <p>En la actualidad, la humanidad atraviesa por momentos dif\u00edciles en los que a\u00fan predominan el ego\u00edsmo, la intolerancia, la violencia, entre muchos otros males que la afectan. Sin embargo, la Doctrina Esp\u00edrita presenta una visi\u00f3n esclarecedora, consoladora y esperanzadora ante todos estos problemas.<\/p> <p>Los d\u00edas\u00a0<strong>11, 12 y 13 de octubre de 2025<\/strong>\u00a0se llevar\u00e1 a cabo el XX Congreso Esp\u00edrita Colombiano.<\/p> <p>Ser\u00e1 un honor contar con la presencia de los asistentes en la ciudad de Bogot\u00e1. Auspiciado por la\u00a0<strong>Confederaci\u00f3n Esp\u00edrita Colombiana (CONFECOL)<\/strong>\u00a0y organizado por la\u00a0<strong>Federaci\u00f3n Espiritista de Cundinamarca (FEC)<\/strong>, este evento contar\u00e1 con la participaci\u00f3n de destacados conferencistas nacionales e internacionales, quienes compartir\u00e1n su conocimiento y experiencia en torno al tema central: \u201cUna nueva era para la humanidad\u201d.<\/p> <p>Durante el XX Congreso Esp\u00edrita Colombiano, se abordar\u00e1 el tema \u201cVida m\u00e1s all\u00e1 de la vida\u201d, en el que, a trav\u00e9s de conferencias y talleres, se profundizar\u00e1 en la comprensi\u00f3n de esta realidad que conecta a los seres humanos con la vida verdadera e inmortal. La Doctrina Esp\u00edrita, como ciencia filos\u00f3fica, ser\u00e1 la herramienta para educar e iluminar las almas y, as\u00ed, construir un futuro mejor.<\/p> <p>El evento contar\u00e1 con la presencia de\u00a0<strong>Leonardo Machado<\/strong>, quien compartir\u00e1 su conocimiento y experiencia. Adicionalmente, se ofrecer\u00e1 un taller titulado: \u201cSexo y sexualidad desde la \u00f3ptica Esp\u00edrita: Explorando la sexualidad desde la perspectiva espiritual\u201d.<\/p>","_links":{"self":[{"href":"https:\/\/cela.com.co\/index.php\/wp-json\/wp\/v2\/posts\/1495","targetHints":{"allow":["GET"]}}],"collection":[{"href":"https:\/\/cela.com.co\/index.php\/wp-json\/wp\/v2\/posts"}],"about":[{"href":"https:\/\/cela.com.co\/index.php\/wp-json\/wp\/v2\/types\/post"}],"author":[{"embeddable":true,"href":"https:\/\/cela.com.co\/index.php\/wp-json\/wp\/v2\/users\/1"}],"replies":[{"embeddable":true,"href":"https:\/\/cela.com.co\/index.php\/wp-json\/wp\/v2\/comments?post=1495"}],"version-history":[{"count":19,"href":"https:\/\/cela.com.co\/index.php\/wp-json\/wp\/v2\/posts\/1495\/revisions"}],"predecessor-version":[{"id":1609,"href":"https:\/\/cela.com.co\/index.php\/wp-json\/wp\/v2\/posts\/1495\/revisions\/1609"}],"wp:featuredmedia":[{"embeddable":true,"href":"https:\/\/cela.com.co\/index.php\/wp-json\/wp\/v2\/media\/1591"}],"wp:attachment":[{"href":"https:\/\/cela.com.co\/index.php\/wp-json\/wp\/v2\/media?parent=1495"}],"wp:term":[{"taxonomy":"category","embeddable":true,"href":"https:\/\/cela.com.co\/index.php\/wp-json\/wp\/v2\/categories?post=1495"},{"taxonomy":"post_tag","embeddable":true,"href":"https:\/\/cela.com.co\/index.php\/wp-json\/wp\/v2\/tags?post=1495"}],"curies":[{"name":"wp","href":"https:\/\/api.w.org\/{rel}","templated":true}]}}